{"id":363,"date":"2017-08-17T22:13:57","date_gmt":"2017-08-17T20:13:57","guid":{"rendered":"http:\/\/www.hoerenundstaunen.at\/hust\/?p=363"},"modified":"2018-09-05T14:52:59","modified_gmt":"2018-09-05T12:52:59","slug":"hus013-backstage-hinter-den-kulissen-von-radio-positiv","status":"publish","type":"post","link":"https:\/\/www.hoerenundstaunen.at\/hust\/hus013-backstage-hinter-den-kulissen-von-radio-positiv\/","title":{"rendered":"&#8222;H\u00f6ren und Staunen &#8211; Episode 13&#8220; Backstage &#8211; Hinter den Kulissen von Radio positiv"},"content":{"rendered":"<p><img loading=\"lazy\" class=\"alignnone size-medium wp-image-364\" src=\"https:\/\/www.hoerenundstaunen.at\/hust\/wp-content\/uploads\/2017\/08\/11140126_10203993709232244_9056479712403942508_n-e1536151921575-300x225.jpg\" alt=\"\" width=\"300\" height=\"225\" srcset=\"https:\/\/www.hoerenundstaunen.at\/hust\/wp-content\/uploads\/2017\/08\/11140126_10203993709232244_9056479712403942508_n-e1536151921575-300x225.jpg 300w, https:\/\/www.hoerenundstaunen.at\/hust\/wp-content\/uploads\/2017\/08\/11140126_10203993709232244_9056479712403942508_n-e1536151921575-200x150.jpg 200w, https:\/\/www.hoerenundstaunen.at\/hust\/wp-content\/uploads\/2017\/08\/11140126_10203993709232244_9056479712403942508_n-e1536151921575.jpg 573w\" sizes=\"(max-width: 300px) 100vw, 300px\" \/><\/p>\n<p>Radio positiv wird von einer Hand voll Freiwilliger f\u00fcr die Aids Hilfe Wien gemacht. Sie suchen Woche f\u00fcr Woche Themen, Moderieren, stellen Musik zusammen, machen Technik und sprechen mit eingeladenen G\u00e4sten.<br \/>\nAb und zu sind diese Personen dann selbst Mittelpunkt einer Sendung. Heute ist es Elke, mit der Peter \u00fcber ihre Arbeit bei Radio positiv plaudert und so einen Blick hinter die Kulissen der Sendereihe gestattet.<\/p>\n<p><em>Die Sendung Nachh\u00f6ren:<\/em><\/p>\n<p><iframe loading=\"lazy\" style=\"border: none; width: 100%; height: 88px;\" src=\"https:\/\/cba.fro.at\/347193\/embed?&amp;waveform=false\" width=\"100%\" height=\"88\"><\/iframe><\/p>\n<p><em>Links:<\/em><br \/>\n<a href=\"http:\/\/o94.at\/radio\/sendung\/1423441\/\" target=\"_blank\" rel=\"noopener\">Radio positiv<\/a><\/p>\n","protected":false},"excerpt":{"rendered":"<p>Radio positiv wird von einer Hand voll Freiwilliger f\u00fcr die Aids Hilfe Wien gemacht. Sie suchen Woche f\u00fcr Woche Themen, Moderieren, stellen Musik zusammen, machen Technik und sprechen mit eingeladenen G\u00e4sten. Ab und zu sind diese Personen dann selbst Mittelpunkt einer Sendung. Heute ist es Elke, mit der Peter \u00fcber ihre Arbeit bei Radio positiv &#8230; <span class=\"more\"><a class=\"more-link\" href=\"https:\/\/www.hoerenundstaunen.at\/hust\/hus013-backstage-hinter-den-kulissen-von-radio-positiv\/\">[Read more&#8230;]<\/a><\/span><\/p>\n","protected":false},"author":3,"featured_media":0,"comment_status":"open","ping_status":"open","sticky":false,"template":"","format":"audio","meta":{"_mi_skip_tracking":false},"categories":[1,90],"tags":[],"aioseo_notices":[],"amp_enabled":true,"_links":{"self":[{"href":"https:\/\/www.hoerenundstaunen.at\/hust\/wp-json\/wp\/v2\/posts\/363"}],"collection":[{"href":"https:\/\/www.hoerenundstaunen.at\/hust\/wp-json\/wp\/v2\/posts"}],"about":[{"href":"https:\/\/www.hoerenundstaunen.at\/hust\/wp-json\/wp\/v2\/types\/post"}],"author":[{"embeddable":true,"href":"https:\/\/www.hoerenundstaunen.at\/hust\/wp-json\/wp\/v2\/users\/3"}],"replies":[{"embeddable":true,"href":"https:\/\/www.hoerenundstaunen.at\/hust\/wp-json\/wp\/v2\/comments?post=363"}],"version-history":[{"count":15,"href":"https:\/\/www.hoerenundstaunen.at\/hust\/wp-json\/wp\/v2\/posts\/363\/revisions"}],"predecessor-version":[{"id":659,"href":"https:\/\/www.hoerenundstaunen.at\/hust\/wp-json\/wp\/v2\/posts\/363\/revisions\/659"}],"wp:attachment":[{"href":"https:\/\/www.hoerenundstaunen.at\/hust\/wp-json\/wp\/v2\/media?parent=363"}],"wp:term":[{"taxonomy":"category","embeddable":true,"href":"https:\/\/www.hoerenundstaunen.at\/hust\/wp-json\/wp\/v2\/categories?post=363"},{"taxonomy":"post_tag","embeddable":true,"href":"https:\/\/www.hoerenundstaunen.at\/hust\/wp-json\/wp\/v2\/tags?post=363"}],"curies":[{"name":"wp","href":"https:\/\/api.w.org\/{rel}","templated":true}]}}