{"id":570,"date":"2018-04-16T10:44:14","date_gmt":"2018-04-16T08:44:14","guid":{"rendered":"http:\/\/www.hoerenundstaunen.at\/hust\/?p=570"},"modified":"2018-08-30T17:12:47","modified_gmt":"2018-08-30T15:12:47","slug":"georg-uecker-auf-besuch-in-wien","status":"publish","type":"post","link":"https:\/\/www.hoerenundstaunen.at\/hust\/georg-uecker-auf-besuch-in-wien\/","title":{"rendered":"Georg Uecker auf Besuch in Wien"},"content":{"rendered":"<div id=\"attachment_567\" style=\"width: 310px\" class=\"wp-caption alignnone\"><img aria-describedby=\"caption-attachment-567\" loading=\"lazy\" class=\"size-medium wp-image-567\" src=\"https:\/\/www.hoerenundstaunen.at\/hust\/wp-content\/uploads\/2018\/04\/20180413_161621-300x169.jpg\" alt=\"Georg Uecker in Wien\" width=\"300\" height=\"169\" srcset=\"https:\/\/www.hoerenundstaunen.at\/hust\/wp-content\/uploads\/2018\/04\/20180413_161621-300x169.jpg 300w, https:\/\/www.hoerenundstaunen.at\/hust\/wp-content\/uploads\/2018\/04\/20180413_161621-200x113.jpg 200w, https:\/\/www.hoerenundstaunen.at\/hust\/wp-content\/uploads\/2018\/04\/20180413_161621-768x432.jpg 768w, https:\/\/www.hoerenundstaunen.at\/hust\/wp-content\/uploads\/2018\/04\/20180413_161621-1024x576.jpg 1024w, https:\/\/www.hoerenundstaunen.at\/hust\/wp-content\/uploads\/2018\/04\/20180413_161621.jpg 1920w\" sizes=\"(max-width: 300px) 100vw, 300px\" \/><p id=\"caption-attachment-567\" class=\"wp-caption-text\">Georg Uecker (li), Peter Supp (re)<\/p><\/div>\n<p><a href=\"https:\/\/de.wikipedia.org\/wiki\/Georg_Uecker\" target=\"_blank\" rel=\"noopener\">Georg Uecker<\/a> geh\u00f6rt zu den beliebtesten deutschen TV-Serienstars und ist ein Vork\u00e4mpfer der Schwulenbewegung. Er wurde 1962 in M\u00fcnchen geboren und wuchs in einer deutsch-norwegischen Familie in Bonn am Rhein auf. Als \u00bbUnterhaltungsfacharbeiter\u00ab begeistert er die Fernsehzuschauer in der \u00bbLindenstra\u00dfe\u00ab, wie auch als Spielleiter in der \u00bbSchillerstra\u00dfe\u00ab und Producer der Late Night Show \u00bbBlond am Freitag\u00ab. F\u00fcr seinen Kampf gegen HIV und Aids erh\u00e4lt er 2010 den ReD-Award.<br \/>\nDer erste Kuss zweier M\u00e4nner in einer deutschen Fernsehserie machte Georg Uecker, alias <a href=\"https:\/\/www1.wdr.de\/daserste\/lindenstrasse\/personen\/aktive\/rolle-dr-carsten-floeter-100.html\" target=\"_blank\" rel=\"noopener\">Dr. Carsten Fl\u00f6ter<\/a>, schlagartig ber\u00fchmt. Das Urgestein der \u00bbLindenstra\u00dfe\u00ab musste privat schwere Schicksalsschl\u00e4ge einstecken: Sein Freund stirbt an AIDS, und er selbst erh\u00e4lt im Rahmen einer Krebsbehandlung eine HIV-Diagnose. Er verliert alles, was er hat, doch k\u00e4mpft sich ins Leben zur\u00fcck.<\/p>\n<p>Ich habe ihn in Wien getroffen. Er wollte die Begegnung in einer Wiener Kaffeehaus, in dem man auch Rauchen darf. So erz\u00e4hlte er mir im legend\u00e4ren <a href=\"http:\/\/www.caferitter.at\" target=\"_blank\" rel=\"noopener\">Caf\u00e9 Ritter<\/a> im 6. Bezirk von seinem k\u00e4mpferischen leben zwischen Lindenstra\u00dfe und Christopher Street.<\/p>\n<p>Zu h\u00f6ren gibt es das Gespr\u00e4ch am 19. April 2018 in <a href=\"http:\/\/o94.at\/radio\/sendung\/1469936\/\" target=\"_blank\" rel=\"noopener\">Radio Positiv<\/a> und demn\u00e4chst als Podcast hier in H\u00f6ren und Staunen.<\/p>\n","protected":false},"excerpt":{"rendered":"<p>Georg Uecker geh\u00f6rt zu den beliebtesten deutschen TV-Serienstars und ist ein Vork\u00e4mpfer der Schwulenbewegung. Er wurde 1962 in M\u00fcnchen geboren und wuchs in einer deutsch-norwegischen Familie in Bonn am Rhein auf. Als \u00bbUnterhaltungsfacharbeiter\u00ab begeistert er die Fernsehzuschauer in der \u00bbLindenstra\u00dfe\u00ab, wie auch als Spielleiter in der \u00bbSchillerstra\u00dfe\u00ab und Producer der Late Night Show \u00bbBlond am &#8230; <span class=\"more\"><a class=\"more-link\" href=\"https:\/\/www.hoerenundstaunen.at\/hust\/georg-uecker-auf-besuch-in-wien\/\">[Read more&#8230;]<\/a><\/span><\/p>\n","protected":false},"author":3,"featured_media":0,"comment_status":"open","ping_status":"open","sticky":false,"template":"","format":"standard","meta":{"_mi_skip_tracking":false},"categories":[87],"tags":[31,65,30,88,34,89],"aioseo_notices":[],"amp_enabled":true,"_links":{"self":[{"href":"https:\/\/www.hoerenundstaunen.at\/hust\/wp-json\/wp\/v2\/posts\/570"}],"collection":[{"href":"https:\/\/www.hoerenundstaunen.at\/hust\/wp-json\/wp\/v2\/posts"}],"about":[{"href":"https:\/\/www.hoerenundstaunen.at\/hust\/wp-json\/wp\/v2\/types\/post"}],"author":[{"embeddable":true,"href":"https:\/\/www.hoerenundstaunen.at\/hust\/wp-json\/wp\/v2\/users\/3"}],"replies":[{"embeddable":true,"href":"https:\/\/www.hoerenundstaunen.at\/hust\/wp-json\/wp\/v2\/comments?post=570"}],"version-history":[{"count":2,"href":"https:\/\/www.hoerenundstaunen.at\/hust\/wp-json\/wp\/v2\/posts\/570\/revisions"}],"predecessor-version":[{"id":622,"href":"https:\/\/www.hoerenundstaunen.at\/hust\/wp-json\/wp\/v2\/posts\/570\/revisions\/622"}],"wp:attachment":[{"href":"https:\/\/www.hoerenundstaunen.at\/hust\/wp-json\/wp\/v2\/media?parent=570"}],"wp:term":[{"taxonomy":"category","embeddable":true,"href":"https:\/\/www.hoerenundstaunen.at\/hust\/wp-json\/wp\/v2\/categories?post=570"},{"taxonomy":"post_tag","embeddable":true,"href":"https:\/\/www.hoerenundstaunen.at\/hust\/wp-json\/wp\/v2\/tags?post=570"}],"curies":[{"name":"wp","href":"https:\/\/api.w.org\/{rel}","templated":true}]}}